{"id":247,"count":1,"description":"","link":"https:\/\/igrejavidacomdeus.com\/site\/tag\/inicio-da-campanha-de-21-dias-de-oracao-e-jejum\/","name":"In\u00edcio da campanha de 21 d\u00edas de ora\u00e7\u00e3o e jejum","slug":"inicio-da-campanha-de-21-dias-de-oracao-e-jejum","taxonomy":"post_tag","meta":[],"_links":{"self":[{"href":"https:\/\/igrejavidacomdeus.com\/site\/wp-json\/wp\/v2\/tags\/247","targetHints":{"allow":["GET"]}}],"collection":[{"href":"https:\/\/igrejavidacomdeus.com\/site\/wp-json\/wp\/v2\/tags"}],"about":[{"href":"https:\/\/igrejavidacomdeus.com\/site\/wp-json\/wp\/v2\/taxonomies\/post_tag"}],"wp:post_type":[{"href":"https:\/\/igrejavidacomdeus.com\/site\/wp-json\/wp\/v2\/posts?tags=247"}],"curies":[{"name":"wp","href":"https:\/\/api.w.org\/{rel}","templated":true}]}}